{"id":224,"date":"2019-05-24T14:17:46","date_gmt":"2019-05-24T14:17:46","guid":{"rendered":"http:\/\/juanarregin.com\/?p=224"},"modified":"2019-05-24T14:17:46","modified_gmt":"2019-05-24T14:17:46","slug":"causa-publicidad-lo-que-paso-es-un-avance-para-la-justicia","status":"publish","type":"post","link":"https:\/\/juanarregin.com\/index.php\/2019\/05\/24\/causa-publicidad-lo-que-paso-es-un-avance-para-la-justicia\/","title":{"rendered":"Causa Publicidad: &#8220;Lo que pas\u00f3 es un avance para la justicia&#8221;"},"content":{"rendered":"\n<p>\n\nEl doctor Juan Arregin (abogado penalista) estuvo en los estudios de Canal 5TV \u2013Ahora Noticias-; para ampliar sobre la condena a 3 a\u00f1os de prisi\u00f3n en suspenso por la llamada &#8220;Causa publicidad&#8221; que involucra al ex \u2013 gobernador Arturo Colombi. As\u00ed lo dictamin\u00f3 el Tribunal Oral Penal N\u00ba 1.&nbsp;&nbsp;\n\n<\/p>\n\n\n\n<figure class=\"wp-block-image\"><img loading=\"lazy\" decoding=\"async\" width=\"700\" height=\"394\" src=\"https:\/\/juanarregin.com\/wp-content\/uploads\/2019\/05\/juna-5.jpg\" alt=\"\" class=\"wp-image-225\" srcset=\"https:\/\/juanarregin.com\/wp-content\/uploads\/2019\/05\/juna-5.jpg 700w, https:\/\/juanarregin.com\/wp-content\/uploads\/2019\/05\/juna-5-300x169.jpg 300w\" sizes=\"auto, (max-width: 700px) 100vw, 700px\" \/><\/figure>\n\n\n\n<p>El abogado dijo que esto es un avance en el tema legal porque la Justicia tambi\u00e9n debe mirar esto porque los funcionarios deben dar ejemplo. Ahora, la ciudadan\u00eda no est\u00e1 de acuerdo porque se tard\u00f3 mucho, porque la condena es muy baja pero recalco que es un avance, un cambio de tiempo. Esto tanto para la justicia local (con el caso de Colombi) o nacional (en el caso de la ex \u2013 presidenta, Cristina Kirchner).<\/p>\n\n\n\n<p><br>Cuando se habla de suspenso \u2013dijo-, se habla de pena ambulatoria. \u201cPenas de tres a\u00f1os de prisi\u00f3n o menos no va a tener que ir a la c\u00e1rcel; lo importante en este caso es que no podr\u00e1 ejercer ninguna funci\u00f3n p\u00fablica porque son delitos que s\u00f3lo los pueden cometer funcionarios p\u00fablicos, por eso la sanci\u00f3n extra\u201d, explic\u00f3.<\/p>\n\n\n\n<figure class=\"wp-block-embed-youtube wp-block-embed is-type-video is-provider-youtube wp-embed-aspect-4-3 wp-has-aspect-ratio\"><div class=\"wp-block-embed__wrapper\">\n<iframe loading=\"lazy\" title=\"CONDENA A ARTURO COLOMBI DR  JUAN ARREGIN\" width=\"640\" height=\"480\" src=\"https:\/\/www.youtube.com\/embed\/noKRKdFyICc?feature=oembed\" frameborder=\"0\" allow=\"accelerometer; autoplay; clipboard-write; encrypted-media; gyroscope; picture-in-picture; web-share\" referrerpolicy=\"strict-origin-when-cross-origin\" allowfullscreen><\/iframe>\n<\/div><\/figure>\n","protected":false},"excerpt":{"rendered":"<p>El doctor Juan Arregin (abogado penalista) estuvo en los estudios de Canal 5TV \u2013Ahora Noticias-; para ampliar sobre la condena a 3 a\u00f1os de prisi\u00f3n en suspenso por la llamada &#8220;Causa publicidad&#8221; que involucra al ex \u2013 gobernador Arturo Colombi. As\u00ed lo dictamin\u00f3 el Tribunal Oral Penal N\u00ba 1.&nbsp;&nbsp; El abogado dijo que esto es <a href=\"https:\/\/juanarregin.com\/index.php\/2019\/05\/24\/causa-publicidad-lo-que-paso-es-un-avance-para-la-justicia\/\" rel=\"nofollow\"><span class=\"sr-only\">Leer m\u00e1s sobreCausa Publicidad: &#8220;Lo que pas\u00f3 es un avance para la justicia&#8221;<\/span>[&hellip;]<\/a><\/p>\n","protected":false},"author":3,"featured_media":225,"comment_status":"open","ping_status":"open","sticky":false,"template":"","format":"standard","meta":{"footnotes":""},"categories":[1],"tags":[],"class_list":["post-224","post","type-post","status-publish","format-standard","has-post-thumbnail","hentry","category-uncategorized"],"_links":{"self":[{"href":"https:\/\/juanarregin.com\/index.php\/wp-json\/wp\/v2\/posts\/224","targetHints":{"allow":["GET"]}}],"collection":[{"href":"https:\/\/juanarregin.com\/index.php\/wp-json\/wp\/v2\/posts"}],"about":[{"href":"https:\/\/juanarregin.com\/index.php\/wp-json\/wp\/v2\/types\/post"}],"author":[{"embeddable":true,"href":"https:\/\/juanarregin.com\/index.php\/wp-json\/wp\/v2\/users\/3"}],"replies":[{"embeddable":true,"href":"https:\/\/juanarregin.com\/index.php\/wp-json\/wp\/v2\/comments?post=224"}],"version-history":[{"count":1,"href":"https:\/\/juanarregin.com\/index.php\/wp-json\/wp\/v2\/posts\/224\/revisions"}],"predecessor-version":[{"id":226,"href":"https:\/\/juanarregin.com\/index.php\/wp-json\/wp\/v2\/posts\/224\/revisions\/226"}],"wp:featuredmedia":[{"embeddable":true,"href":"https:\/\/juanarregin.com\/index.php\/wp-json\/wp\/v2\/media\/225"}],"wp:attachment":[{"href":"https:\/\/juanarregin.com\/index.php\/wp-json\/wp\/v2\/media?parent=224"}],"wp:term":[{"taxonomy":"category","embeddable":true,"href":"https:\/\/juanarregin.com\/index.php\/wp-json\/wp\/v2\/categories?post=224"},{"taxonomy":"post_tag","embeddable":true,"href":"https:\/\/juanarregin.com\/index.php\/wp-json\/wp\/v2\/tags?post=224"}],"curies":[{"name":"wp","href":"https:\/\/api.w.org\/{rel}","templated":true}]}}