{"id":319,"date":"2020-07-24T11:36:56","date_gmt":"2020-07-24T11:36:56","guid":{"rendered":"http:\/\/juanarregin.com\/?p=319"},"modified":"2020-07-24T11:36:56","modified_gmt":"2020-07-24T11:36:56","slug":"los-vecinos-justicieros-2","status":"publish","type":"post","link":"https:\/\/juanarregin.com\/index.php\/2020\/07\/24\/los-vecinos-justicieros-2\/","title":{"rendered":"LOS VECINOS JUSTICIEROS"},"content":{"rendered":"\n<p> Como introducci\u00f3n, recordemos que en los \u00faltimos d\u00edas, nuestra ciudad y nuestro pa\u00eds en general, fueron testigos de m\u00faltiples hechos de \u201cvecinos justicieros\u201d, que ser\u00edan aquellas personas que al percatarse de un hecho delictivo (o al menos una situaci\u00f3n que as\u00ed lo parece) deciden no s\u00f3lo reducir al presunto delincuente, sino que en turba proceden a lincharlo. Estos actos, en principio justificables, implica la existencia de nuevos hechos que podr\u00edan ser identificados como violatorios de la Ley Penal, y acarrear resultados negativos para sus autores. <\/p>\n\n\n\n<p>Esto nos lleva a tener que\nanalizar este tipo de conductas, para saber no s\u00f3lo si \u00e9ticamente est\u00e1 bien, el\nacudir en defensa de un tercero, o si nos encontramos frente a la comisi\u00f3n de\nlos actos previstos por la ley penal argentina. <\/p>\n\n\n\n<p>As\u00ed que desde la perspectiva del\nDerecho Penal podemos descubrir en estos hechos, por lo menos dos delitos: el\nprimero, ser\u00eda el del Robo&nbsp; (art\u00edculo 164\ndel C\u00f3digo Penal) que castiga a quien mediando fuerza en las cosas o violencia\nen las personas, por haberse apropiado de una cosa mueble ajena, como ocurre\ncon carteras, celulares, mochilas, etc. Seg\u00fan la teor\u00eda que se utilice (amplia\no restringida) podemos encontrarnos con que ese acto ha sido consumado, o que\nha quedado en grado de tentativa, porque el malhechor no pudo terminar su\nfechor\u00eda. <\/p>\n\n\n\n<figure class=\"wp-block-image\"><img loading=\"lazy\" decoding=\"async\" width=\"980\" height=\"749\" src=\"https:\/\/juanarregin.com\/wp-content\/uploads\/2020\/07\/292799w980.jpg\" alt=\"\" class=\"wp-image-320\" srcset=\"https:\/\/juanarregin.com\/wp-content\/uploads\/2020\/07\/292799w980.jpg 980w, https:\/\/juanarregin.com\/wp-content\/uploads\/2020\/07\/292799w980-300x229.jpg 300w, https:\/\/juanarregin.com\/wp-content\/uploads\/2020\/07\/292799w980-768x587.jpg 768w\" sizes=\"auto, (max-width: 980px) 100vw, 980px\" \/><\/figure>\n\n\n\n<p>El segundo (o los m\u00faltiples que\npudieran seguir al primero) es cometido por otras personas, muchas de las\ncuales usualmente no suelen ser identificados, siendo todos \u00e9stos delitos\nefectivamente consumados, dado que nos encontramos frente a Lesiones (leves o\ngraves seg\u00fan los art\u00edculos 89 y 90 del C.P.) dado que efectivamente se ha\ngenerado un detrimento en la salud de la v\u00edctima (que resulta victimario del\nprimer hecho) y sin que importe la motivaci\u00f3n. <\/p>\n\n\n\n<p>Nuestro C\u00f3digo Penal, en el art\u00edculo\n34 del C.P., para \u00e9stos casos, es el supuesto de la Leg\u00edtima Defensa -sea\npropia o ajena- como forma de repeler una agresi\u00f3n no provocada, y siempre\nmediante el uso de \u201cmedios razonables\u201d para repeler dicha agresi\u00f3n previa. <\/p>\n\n\n\n<p>Pero aqu\u00ed ocurre que la agresi\u00f3n\nprevia (el Robo) no es repelida por la v\u00edctima, sino por terceros. Esa turba\nenardecida, lesiona al malhechor, en cualquiera de las m\u00faltiples formas\nimaginables. Entonces esas acciones no resultan para nada justificadas y muchos\nmenos \u201clegales\u201d<\/p>\n\n\n\n<p>En nuestro pa\u00eds el aumento de la\ndelincuencia contra la propiedad privada ha venido en aumento. A diario\npresenciamos o conocemos la existencia de hechos provocados por \u201cmotochorros\u201d,\n\u201carrebatadores\u201d o simples ladronzuelos. Frente a esta falta de prevenci\u00f3n, los\nvecinos han comenzado a organizar venganzas o a hacerlo en forma espont\u00e1nea,\npero siempre pretendiendo \u201chacer justicia por mano propia\u201d. <\/p>\n\n\n\n<p>Lo cierto es que dichos actos de\nlos llamados Justicieros son filmadas y exhibidas en las redes sociales, donde\nlos an\u00f3nimos comentaristas comienzan a pelear sobre la legalidad o la\nilegalidad de estos \u00faltimos hechos. <\/p>\n\n\n\n<p><strong>M\u00ed Opini\u00f3n:<\/strong><\/p>\n\n\n\n<p>Desde m\u00ed \u00f3ptica profesional, es\nclaro que nos encontramos frente a dos delitos, el Robo y las Lesiones, y cada\nuno debe hacerse cargo de haber lesionados bienes jur\u00eddicos ajenos (la\npropiedad privada ajena y la integridad f\u00edsica ajena. As\u00ed lo dice la ley penal\nargentina. Muchas veces creen los justicieros que el anonimato los ampara, pero\nolvidan que cada vez con mayor frecuencia los tribunales toman a las\nfilmaciones como pruebas para acreditar delitos y justificar sentencias\ncondenatorias. <\/p>\n\n\n\n<p>Es importante recordarles que un acto\nilegal no justifica la comisi\u00f3n de otro, como el sufrimiento del segundo -en\neste caso la paliza colectiva- habilitan el perd\u00f3n del hecho cometido por el\nladr\u00f3n. <\/p>\n\n\n\n<p>Personalmente creo que nos\nestamos saliendo del cauce normal de la vida social porque el Estado ha sido\nconcebido y aceptado para garantizar paz social y para poner orden en el caos\nde la convivencia social desorganizada. Nuestro Derecho, y tambi\u00e9n obligaci\u00f3n,\nes exigir del Estado pol\u00edticas efectivas de prevenci\u00f3n y represi\u00f3n de los\ndelitos. <\/p>\n\n\n\n<p>En lo subjetivo, descreo de la\nvenganza como dos de hacer Justicia y parafraseando a Mahatma Gandhi: \u201cojo por\nojo, y el mundo acabar\u00e1 ciego\u201d. <\/p>\n\n\n\n<p>Es mi palabra. <\/p>\n\n\n\n<p>Juan Antonio Arregin. Abogado\nMatr\u00edcula 8356<\/p>\n\n\n\n<p>Celular 379-4274078<\/p>\n\n\n\n<p>www.juanarregin.com<\/p>\n\n\n\n<p>NdR: esta nota la escrib\u00ed un 10\/4\/19<\/p>\n","protected":false},"excerpt":{"rendered":"<p>Como introducci\u00f3n, recordemos que en los \u00faltimos d\u00edas, nuestra ciudad y nuestro pa\u00eds en general, fueron testigos de m\u00faltiples hechos de \u201cvecinos justicieros\u201d, que ser\u00edan aquellas personas que al percatarse de un hecho delictivo (o al menos una situaci\u00f3n que as\u00ed lo parece) deciden no s\u00f3lo reducir al presunto delincuente, sino que en turba proceden <a href=\"https:\/\/juanarregin.com\/index.php\/2020\/07\/24\/los-vecinos-justicieros-2\/\" rel=\"nofollow\"><span class=\"sr-only\">Leer m\u00e1s sobreLOS VECINOS JUSTICIEROS<\/span>[&hellip;]<\/a><\/p>\n","protected":false},"author":3,"featured_media":321,"comment_status":"open","ping_status":"open","sticky":false,"template":"","format":"standard","meta":{"footnotes":""},"categories":[1],"tags":[],"class_list":["post-319","post","type-post","status-publish","format-standard","has-post-thumbnail","hentry","category-uncategorized"],"_links":{"self":[{"href":"https:\/\/juanarregin.com\/index.php\/wp-json\/wp\/v2\/posts\/319","targetHints":{"allow":["GET"]}}],"collection":[{"href":"https:\/\/juanarregin.com\/index.php\/wp-json\/wp\/v2\/posts"}],"about":[{"href":"https:\/\/juanarregin.com\/index.php\/wp-json\/wp\/v2\/types\/post"}],"author":[{"embeddable":true,"href":"https:\/\/juanarregin.com\/index.php\/wp-json\/wp\/v2\/users\/3"}],"replies":[{"embeddable":true,"href":"https:\/\/juanarregin.com\/index.php\/wp-json\/wp\/v2\/comments?post=319"}],"version-history":[{"count":1,"href":"https:\/\/juanarregin.com\/index.php\/wp-json\/wp\/v2\/posts\/319\/revisions"}],"predecessor-version":[{"id":322,"href":"https:\/\/juanarregin.com\/index.php\/wp-json\/wp\/v2\/posts\/319\/revisions\/322"}],"wp:featuredmedia":[{"embeddable":true,"href":"https:\/\/juanarregin.com\/index.php\/wp-json\/wp\/v2\/media\/321"}],"wp:attachment":[{"href":"https:\/\/juanarregin.com\/index.php\/wp-json\/wp\/v2\/media?parent=319"}],"wp:term":[{"taxonomy":"category","embeddable":true,"href":"https:\/\/juanarregin.com\/index.php\/wp-json\/wp\/v2\/categories?post=319"},{"taxonomy":"post_tag","embeddable":true,"href":"https:\/\/juanarregin.com\/index.php\/wp-json\/wp\/v2\/tags?post=319"}],"curies":[{"name":"wp","href":"https:\/\/api.w.org\/{rel}","templated":true}]}}